{"id":726,"date":"2024-01-25T15:52:05","date_gmt":"2024-01-25T13:52:05","guid":{"rendered":"https:\/\/moaracutraditii.md\/?p=726"},"modified":"2024-02-25T22:49:36","modified_gmt":"2024-02-25T20:49:36","slug":"tarta-cu-prune","status":"publish","type":"post","link":"https:\/\/moaracutraditii.md\/en\/2024\/01\/25\/tarta-cu-prune\/","title":{"rendered":"Plum tart"},"content":{"rendered":"<p>As the chilly days have begun to knock at our doors, it's time to warm up our kitchen with warm dishes freshly out of the oven. That's why I have prepared for you a delicious recipe for a tart with plums and cinnamon, succulent and aromatic, perfect for gloriously concluding a family dinner.&nbsp;<\/p>\n\n\n\n<p>First of all, let's see what you'll need:&nbsp;<\/p>\n\n\n\n<p><\/p>\n\n\n<div class=\"wp-block-wpzoom-recipe-card-block-recipe-card is-style-default header-content-align-left block-alignment-left\" id=\"wpzoom-recipe-card\"><div class=\"recipe-card-image\">\n\t\t\t\t<figure>\n\t\t\t\t\t<img loading=\"lazy\" decoding=\"async\" width=\"650\" height=\"458\" src=\"https:\/\/moaracutraditii.md\/wp-content\/uploads\/2024\/01\/depositphotos_176866911_m.jpg\" class=\"wpzoom-recipe-card-image\" alt=\"Tart\u0103 cu prune\" id=\"1077\" srcset=\"https:\/\/moaracutraditii.md\/wp-content\/uploads\/2024\/01\/depositphotos_176866911_m.jpg 650w, https:\/\/moaracutraditii.md\/wp-content\/uploads\/2024\/01\/depositphotos_176866911_m-300x211.jpg 300w, https:\/\/moaracutraditii.md\/wp-content\/uploads\/2024\/01\/depositphotos_176866911_m-18x12.jpg 18w\" sizes=\"auto, (max-width: 650px) 100vw, 650px\" \/>\n\t\t\t\t\t<figcaption>\n\t\t\t\t\t\t<div class=\"wpzoom-recipe-card-print-link\">\n\t            <a class=\"btn-print-link no-print\" href=\"#wpzoom-recipe-card\" title=\"Print directions...\" style=\"background-color: #222222;\" data-servings-size=\"4\" data-recipe-id=\"726\">\n\t            \t<svg class=\"wpzoom-rcb-icon-print-link\" viewbox=\"0 0 32 32\" width=\"32\" height=\"32\" xmlns=\"http:\/\/www.w3.org\/2000\/svg\">\n \t            \t    <g data-name=\"Layer 55\" id=\"Layer_55\">\n \t            \t        <path class=\"wpzoom-rcb-print-icon\" d=\"M28,25H25a1,1,0,0,1,0-2h3a1,1,0,0,0,1-1V10a1,1,0,0,0-1-1H4a1,1,0,0,0-1,1V22a1,1,0,0,0,1,1H7a1,1,0,0,1,0,2H4a3,3,0,0,1-3-3V10A3,3,0,0,1,4,7H28a3,3,0,0,1,3,3V22A3,3,0,0,1,28,25Z\" \/>\n \t            \t        <path class=\"wpzoom-rcb-print-icon\" d=\"M25,31H7a1,1,0,0,1-1-1V20a1,1,0,0,1,1-1H25a1,1,0,0,1,1,1V30A1,1,0,0,1,25,31ZM8,29H24V21H8Z\" \/>\n \t            \t        <path class=\"wpzoom-rcb-print-icon\" d=\"M25,9a1,1,0,0,1-1-1V3H8V8A1,1,0,0,1,6,8V2A1,1,0,0,1,7,1H25a1,1,0,0,1,1,1V8A1,1,0,0,1,25,9Z\" \/>\n \t            \t        <rect class=\"wpzoom-rcb-print-icon\" height=\"2\" width=\"2\" x=\"24\" y=\"11\" \/>\n \t            \t        <rect class=\"wpzoom-rcb-print-icon\" height=\"2\" width=\"4\" x=\"18\" y=\"11\" \/>\n \t            \t    <\/g>\n \t            \t<\/svg>\n\t                <span>Print<\/span>\n\t            <\/a>\n\t        <\/div>\n\t\t            <\/figcaption>\n\t\t\t\t<\/figure>\n\t\t\t<\/div>\n\t\t\t<div class=\"recipe-card-heading\">\n\t\t\t\t<h2 class=\"recipe-card-title\">Plum tart<\/h2><\/div><div class=\"recipe-card-details\"><div class=\"details-items\"><div class=\"detail-item detail-item-1\"><span class=\"detail-item-icon oldicon oldicon-clock\" style=\"color: #6d767f;\"><\/span><span class=\"detail-item-label\">Prep time<\/span><p class=\"detail-item-value\">3<\/p><span class=\"detail-item-unit\">hours&nbsp;<\/span><\/div><div class=\"detail-item detail-item-2\"><span class=\"detail-item-icon foodicons foodicons-cooking-food-in-a-hot-casserole\" style=\"color: #6d767f;\"><\/span><span class=\"detail-item-label\">In the oven<\/span><p class=\"detail-item-value\">30<\/p><span class=\"detail-item-unit\">minutes<\/span><\/div><\/div><\/div><div class=\"recipe-card-ingredients\"><h3 class=\"ingredients-title\">Ingredients<\/h3><ul class=\"ingredients-list layout-1-column\"><li id=\"wpzoom-rcb-ingredient-item-170889401226156\" class=\"ingredient-item ingredient-item-group\"><strong class=\"ingredient-item-group-title\">For the dough<\/strong><\/li><li id=\"wpzoom-rcb-ingredient-item-6079c3e45964b\" class=\"ingredient-item\"><span class=\"tick-circle\"><\/span><p class=\"ingredient-item-name is-strikethrough-active\"><span class=\"wpzoom-rcb-ingredient-name\">A round baking tray<br \/>350 grams of \"Moara cu Tradi\u021bii\" flour<\/span><\/p><\/li><li id=\"wpzoom-rcb-ingredient-item-6079c3e45964c\" class=\"ingredient-item\"><span class=\"tick-circle\"><\/span><p class=\"ingredient-item-name is-strikethrough-active\"><span class=\"wpzoom-rcb-ingredient-name\">150 grams of butter<\/span><\/p><\/li><li id=\"wpzoom-rcb-ingredient-item-6079c3e45964d\" class=\"ingredient-item\"><span class=\"tick-circle\"><\/span><p class=\"ingredient-item-name is-strikethrough-active\"><span class=\"wpzoom-rcb-ingredient-name\">25-30 grams of powdered sugar<\/span><\/p><\/li><li id=\"wpzoom-rcb-ingredient-item-6079c3e45964e\" class=\"ingredient-item\"><span class=\"tick-circle\"><\/span><p class=\"ingredient-item-name is-strikethrough-active\"><span class=\"wpzoom-rcb-ingredient-name\">a pinch of salt<\/span><\/p><\/li><li id=\"wpzoom-rcb-ingredient-item-1706186085889263\" class=\"ingredient-item\"><span class=\"tick-circle\"><\/span><p class=\"ingredient-item-name is-strikethrough-active\"><span class=\"wpzoom-rcb-ingredient-name\">1 egg yolk for brushing<\/span><\/p><\/li><li id=\"wpzoom-rcb-ingredient-item-1706186094769272\" class=\"ingredient-item\"><span class=\"tick-circle\"><\/span><p class=\"ingredient-item-name is-strikethrough-active\"><span class=\"wpzoom-rcb-ingredient-name\">1 teaspoon of baking powder<\/span><\/p><\/li><li id=\"wpzoom-rcb-ingredient-item-170889398109739\" class=\"ingredient-item ingredient-item-group\"><strong class=\"ingredient-item-group-title\">For the filling:<\/strong><\/li><li id=\"wpzoom-rcb-ingredient-item-1708894128468289\" class=\"ingredient-item\"><span class=\"tick-circle\"><\/span><p class=\"ingredient-item-name is-strikethrough-active\"><span class=\"wpzoom-rcb-ingredient-name\">500 grams of plums<\/span><\/p><\/li><li id=\"wpzoom-rcb-ingredient-item-1708894135339306\" class=\"ingredient-item\"><span class=\"tick-circle\"><\/span><p class=\"ingredient-item-name is-strikethrough-active\"><span class=\"wpzoom-rcb-ingredient-name\">30 grams of vanilla-flavored powdered sugar<\/span><\/p><\/li><li id=\"wpzoom-rcb-ingredient-item-1708894141355323\" class=\"ingredient-item\"><span class=\"tick-circle\"><\/span><p class=\"ingredient-item-name is-strikethrough-active\"><span class=\"wpzoom-rcb-ingredient-name\">20 grams of cinnamon powder<\/span><\/p><\/li><\/ul><\/div><div class=\"recipe-card-directions\"><h3 class=\"directions-title\"><\/h3><ul class=\"directions-list\"><\/ul><\/div><div class=\"recipe-card-notes\">\n\t\t\t\t\t<h3 class=\"notes-title\">Important<\/h3>\n\t\t\t\t\t<ul class=\"recipe-card-notes-list\"><li>To prepare according to this recipe, it's important to use only PREMIUM quality flour. We recommend: <strong><a href=\"https:\/\/moaracutraditii.md\/en\/\" data-type=\"link\" data-id=\"https:\/\/moaracutraditii.md\/\">PREMIUM QUALITY FLOUR \"MOARA CU TRADI\u021aII 1KG\"<\/a><\/strong><\/li><\/ul>\n\t\t\t\t<\/div><script type=\"application\/ld+json\">{\"@context\":\"https:\\\/\\\/schema.org\",\"@type\":\"Recipe\",\"name\":\"Tart\u0103 cu prune\",\"image\":[\"https:\\\/\\\/moaracutraditii.md\\\/wp-content\\\/uploads\\\/2024\\\/01\\\/depositphotos_176866911_m.jpg\",\"https:\\\/\\\/moaracutraditii.md\\\/wp-content\\\/uploads\\\/2024\\\/01\\\/depositphotos_176866911_m-500x458.jpg\",\"https:\\\/\\\/moaracutraditii.md\\\/wp-content\\\/uploads\\\/2024\\\/01\\\/depositphotos_176866911_m-500x375.jpg\",\"https:\\\/\\\/moaracutraditii.md\\\/wp-content\\\/uploads\\\/2024\\\/01\\\/depositphotos_176866911_m-480x270.jpg\"],\"description\":\"\",\"keywords\":[],\"author\":{\"@type\":\"Person\",\"name\":\"Xadmin\"},\"datePublished\":\"2024-01-25T15:52:05+02:00\",\"prepTime\":\"PT3H\",\"cookTime\":\"PT30M\",\"totalTime\":\"PT3H30M\",\"recipeCategory\":[\"Deserturi\"],\"recipeCuisine\":[],\"recipeYield\":\"\",\"nutrition\":{\"@type\":\"NutritionInformation\"},\"recipeIngredient\":[\"O tav\u0103 rotund\u0103350 gr F\u0103in\u0103 Moara cu Tradi\u021bii\",\"150 gr unt\",\"25-30 gr. zah\u0103r pudr\u0103\",\"un praf de sare\",\"1 g\u0103lbenu\u0219 de ou pentru uns\",\"1 praf de copt\",\"500 gr prune\",\"30 gr zah\u0103r pudr\u0103 cu arom\u0103 de vanilie\",\"20 gr pudr\u0103 de scor\u021bi\u0219oar\u0103\"],\"recipeInstructions\":[]}<\/script><\/div>\n\n\n<p><strong>Preparation method:<\/strong><\/p>\n\n\n\n<p>The first step you need to take is to prepare the dough. Mix all the dry ingredients, the flour with the pinch of salt, sugar, and baking powder. Now add the diced butter and start kneading until the mixture is homogeneous. To achieve the perfect consistency for rolling out the dough, you can moisten the mixture with a little water, so that you get an elastic texture that is easy to handle. Roll out the dough on a baking sheet and leave it in the refrigerator for a few minutes.<\/p>\n\n\n\n<p>The next step is preparing the filling. Pit the plums and mix them with cinnamon and sugar, then let them sit for 10 minutes to allow the flavors to combine. During this time, take the dough out of the refrigerator and divide it into two pieces, one for the tart base and the other for the decorative top. Roll out the bottom part into a circular shape, and with the help of a rolling pin, place the dough, leaving the edges of the tray covered.&nbsp;<\/p>\n\n\n\n<p>Prick the base of the dough with a fork and pour the plum mixture on top, leveling it nicely.<\/p>\n\n\n\n<p>At this point, all that's left to do is the lattice on top. For this, cut strips of dough about a finger thick and intertwine them to form the tart's cover. The final step is to brush the dough with egg yolk for an appetizing color and extra crispiness.&nbsp;<\/p>\n\n\n\n<p>Bake the tart in the oven for about half an hour at 180 degrees Celsius and let it cool before serving. You will see that the aroma and warmth of the freshly baked tart will attract all the curious family members to the kitchen.&nbsp;<\/p>\n\n\n\n<p>Enjoy your meal!&nbsp;<\/p>","protected":false},"excerpt":{"rendered":"<p>Cum zilele friguroase au \u00eenceput s\u0103 bat\u0103 pe la u\u0219i, e timpul s\u0103 ne \u00eenc\u0103lzim buc\u0103t\u0103ria cu preparate calde, proasp\u0103t scoase din cuptor. De aceea, am preg\u0103tit pentru tine o re\u021bet\u0103 delicioas\u0103 de tart\u0103 cu prune \u0219i scor\u021bi\u0219oar\u0103, suculent\u0103 \u0219i aromat\u0103, perfect\u0103 pentru a \u00eencheia glorios o cin\u0103 \u00een familie.&nbsp; \u00cenainte de toate, s\u0103 vedem [&hellip;]<\/p>","protected":false},"author":1,"featured_media":1077,"comment_status":"open","ping_status":"open","sticky":false,"template":"","format":"standard","meta":{"footnotes":""},"categories":[25],"tags":[],"class_list":["post-726","post","type-post","status-publish","format-standard","has-post-thumbnail","hentry","category-deserturi"],"blocksy_meta":[],"featured_image_urls":{"full":["https:\/\/moaracutraditii.md\/wp-content\/uploads\/2024\/01\/depositphotos_176866911_m.jpg",650,458,false],"thumbnail":["https:\/\/moaracutraditii.md\/wp-content\/uploads\/2024\/01\/depositphotos_176866911_m-150x150.jpg",150,150,true],"medium":["https:\/\/moaracutraditii.md\/wp-content\/uploads\/2024\/01\/depositphotos_176866911_m-300x211.jpg",300,211,true],"medium_large":["https:\/\/moaracutraditii.md\/wp-content\/uploads\/2024\/01\/depositphotos_176866911_m.jpg",650,458,false],"large":["https:\/\/moaracutraditii.md\/wp-content\/uploads\/2024\/01\/depositphotos_176866911_m.jpg",650,458,false],"1536x1536":["https:\/\/moaracutraditii.md\/wp-content\/uploads\/2024\/01\/depositphotos_176866911_m.jpg",650,458,false],"2048x2048":["https:\/\/moaracutraditii.md\/wp-content\/uploads\/2024\/01\/depositphotos_176866911_m.jpg",650,458,false],"trp-custom-language-flag":["https:\/\/moaracutraditii.md\/wp-content\/uploads\/2024\/01\/depositphotos_176866911_m-18x12.jpg",18,12,true],"wpzoom-rcb-block-header":["https:\/\/moaracutraditii.md\/wp-content\/uploads\/2024\/01\/depositphotos_176866911_m.jpg",650,458,false],"wpzoom-rcb-block-header-square":["https:\/\/moaracutraditii.md\/wp-content\/uploads\/2024\/01\/depositphotos_176866911_m-530x458.jpg",530,458,true],"wpzoom-rcb-block-step-image":["https:\/\/moaracutraditii.md\/wp-content\/uploads\/2024\/01\/depositphotos_176866911_m.jpg",650,458,false],"wpzoom-rcb-structured-data-1_1":["https:\/\/moaracutraditii.md\/wp-content\/uploads\/2024\/01\/depositphotos_176866911_m-500x458.jpg",500,458,true],"wpzoom-rcb-structured-data-4_3":["https:\/\/moaracutraditii.md\/wp-content\/uploads\/2024\/01\/depositphotos_176866911_m-500x375.jpg",500,375,true],"wpzoom-rcb-structured-data-16_9":["https:\/\/moaracutraditii.md\/wp-content\/uploads\/2024\/01\/depositphotos_176866911_m-480x270.jpg",480,270,true]},"post_excerpt_stackable":"<p>Cum zilele friguroase au \u00eenceput s\u0103 bat\u0103 pe la u\u0219i, e timpul s\u0103 ne \u00eenc\u0103lzim buc\u0103t\u0103ria cu preparate calde, proasp\u0103t scoase din cuptor. De aceea, am preg\u0103tit pentru tine o re\u021bet\u0103 delicioas\u0103 de tart\u0103 cu prune \u0219i scor\u021bi\u0219oar\u0103, suculent\u0103 \u0219i aromat\u0103, perfect\u0103 pentru a \u00eencheia glorios o cin\u0103 \u00een familie.&nbsp; \u00cenainte de toate, s\u0103 vedem de ce ai nevoie:&nbsp; Print Tart\u0103 cu prunePrep time3hours&nbsp;\u00cen cuptor30minutesIngredientsPentru aluatO tav\u0103 rotund\u0103350 gr F\u0103in\u0103 Moara cu Tradi\u021bii150 gr unt25-30 gr. zah\u0103r pudr\u0103un praf de sare1 g\u0103lbenu\u0219 de ou pentru uns1 praf de coptPentru umplutur\u0103:500 gr prune30 gr zah\u0103r pudr\u0103 cu arom\u0103 de vanilie20 gr&hellip;<\/p>\n","category_list":"<a href=\"https:\/\/moaracutraditii.md\/en\/category\/deserturi\/\" rel=\"category tag\">Deserturi<\/a>","author_info":{"name":"Xadmin","url":"https:\/\/moaracutraditii.md\/en\/author\/xadmin\/"},"comments_num":"0 comments","_links":{"self":[{"href":"https:\/\/moaracutraditii.md\/en\/wp-json\/wp\/v2\/posts\/726","targetHints":{"allow":["GET"]}}],"collection":[{"href":"https:\/\/moaracutraditii.md\/en\/wp-json\/wp\/v2\/posts"}],"about":[{"href":"https:\/\/moaracutraditii.md\/en\/wp-json\/wp\/v2\/types\/post"}],"author":[{"embeddable":true,"href":"https:\/\/moaracutraditii.md\/en\/wp-json\/wp\/v2\/users\/1"}],"replies":[{"embeddable":true,"href":"https:\/\/moaracutraditii.md\/en\/wp-json\/wp\/v2\/comments?post=726"}],"version-history":[{"count":8,"href":"https:\/\/moaracutraditii.md\/en\/wp-json\/wp\/v2\/posts\/726\/revisions"}],"predecessor-version":[{"id":1088,"href":"https:\/\/moaracutraditii.md\/en\/wp-json\/wp\/v2\/posts\/726\/revisions\/1088"}],"wp:featuredmedia":[{"embeddable":true,"href":"https:\/\/moaracutraditii.md\/en\/wp-json\/wp\/v2\/media\/1077"}],"wp:attachment":[{"href":"https:\/\/moaracutraditii.md\/en\/wp-json\/wp\/v2\/media?parent=726"}],"wp:term":[{"taxonomy":"category","embeddable":true,"href":"https:\/\/moaracutraditii.md\/en\/wp-json\/wp\/v2\/categories?post=726"},{"taxonomy":"post_tag","embeddable":true,"href":"https:\/\/moaracutraditii.md\/en\/wp-json\/wp\/v2\/tags?post=726"}],"curies":[{"name":"wp","href":"https:\/\/api.w.org\/{rel}","templated":true}]}}